{"id":862,"date":"2011-06-25T15:02:40","date_gmt":"2011-06-25T13:02:40","guid":{"rendered":"https:\/\/peloche-42.fr\/?p=862"},"modified":"2020-05-14T14:23:09","modified_gmt":"2020-05-14T12:23:09","slug":"anniversaire-francette-et-jacky","status":"publish","type":"post","link":"https:\/\/peloche-42.fr\/index.php\/anniversaire-francette-et-jacky\/","title":{"rendered":"Anniversaire Francette et Jacky"},"content":{"rendered":"\n<h5 class=\"wp-block-heading\"><span class=\"grostitre\"><u>R\u00c9SUM\u00c9<\/u> : <\/span>Une Grande f\u00eate de famille o\u00f9 la plupart \u00e9tait pr\u00e9sent, autour d\u2019une bonne table. Chacun avait choisi un d\u00e9guisement pour l\u2019occasion. L\u2019apr\u00e8s midi s&rsquo;est poursuivi en dansant jusqu&rsquo;au soir&#8230; <\/h5>\n\n\n\n<h5 class=\"wp-block-heading\"><u>LIEU<\/u> : La Fert\u00e9-Mac\u00e9 \u00e0 proximit\u00e9 de Bagnoles de l\u2019Orne dans une grande salle. Tout le monde doit se souvenir de cette journ\u00e9e m\u00e9morable&#8230;  <\/h5>\n\n\n\n<figure class=\"wp-block-embed-vimeo wp-block-embed is-type-video is-provider-vimeo wp-embed-aspect-4-3 wp-has-aspect-ratio\"><div class=\"wp-block-embed__wrapper\">\n<iframe loading=\"lazy\" src=\"https:\/\/player.vimeo.com\/video\/410126755?dnt=1&amp;app_id=122963\" width=\"580\" height=\"435\" frameborder=\"0\" allow=\"autoplay; fullscreen; picture-in-picture; clipboard-write\"><\/iframe>\n<\/div><figcaption><strong>Diapo r\u00e9alis\u00e9 par Francis Boaillon<\/strong><\/figcaption><\/figure>\n\n\n\n<h5 class=\"has-text-color has-text-align-left wp-block-heading\" style=\"color:#13587f\">Fait le : 25 juin 2011 <\/h5>\n","protected":false},"excerpt":{"rendered":"<p>R\u00c9SUM\u00c9 : Une Grande f\u00eate de famille o\u00f9 la plupart \u00e9tait pr\u00e9sent, autour d\u2019une bonne table. Chacun avait choisi un d\u00e9guisement pour l\u2019occasion. L\u2019apr\u00e8s midi s&rsquo;est poursuivi en dansant jusqu&rsquo;au soir&#8230; LIEU : La Fert\u00e9-Mac\u00e9 \u00e0 proximit\u00e9 de Bagnoles de l\u2019Orne dans une grande salle. Tout le monde doit se souvenir de cette journ\u00e9e m\u00e9morable&#8230; [&hellip;]<\/p>\n","protected":false},"author":3,"featured_media":0,"comment_status":"open","ping_status":"open","sticky":false,"template":"","format":"standard","meta":{"footnotes":""},"categories":[589,614],"tags":[617,579,623],"class_list":["post-862","post","type-post","status-publish","format-standard","hentry","category-famille-boaillon-diapos","category-manifestations-familiales-diapos","tag-anniversaire","tag-fete","tag-normandie"],"_links":{"self":[{"href":"https:\/\/peloche-42.fr\/index.php\/wp-json\/wp\/v2\/posts\/862","targetHints":{"allow":["GET"]}}],"collection":[{"href":"https:\/\/peloche-42.fr\/index.php\/wp-json\/wp\/v2\/posts"}],"about":[{"href":"https:\/\/peloche-42.fr\/index.php\/wp-json\/wp\/v2\/types\/post"}],"author":[{"embeddable":true,"href":"https:\/\/peloche-42.fr\/index.php\/wp-json\/wp\/v2\/users\/3"}],"replies":[{"embeddable":true,"href":"https:\/\/peloche-42.fr\/index.php\/wp-json\/wp\/v2\/comments?post=862"}],"version-history":[{"count":8,"href":"https:\/\/peloche-42.fr\/index.php\/wp-json\/wp\/v2\/posts\/862\/revisions"}],"predecessor-version":[{"id":1219,"href":"https:\/\/peloche-42.fr\/index.php\/wp-json\/wp\/v2\/posts\/862\/revisions\/1219"}],"wp:attachment":[{"href":"https:\/\/peloche-42.fr\/index.php\/wp-json\/wp\/v2\/media?parent=862"}],"wp:term":[{"taxonomy":"category","embeddable":true,"href":"https:\/\/peloche-42.fr\/index.php\/wp-json\/wp\/v2\/categories?post=862"},{"taxonomy":"post_tag","embeddable":true,"href":"https:\/\/peloche-42.fr\/index.php\/wp-json\/wp\/v2\/tags?post=862"}],"curies":[{"name":"wp","href":"https:\/\/api.w.org\/{rel}","templated":true}]}}