{"id":805,"date":"2019-09-13T14:27:00","date_gmt":"2019-09-13T12:27:00","guid":{"rendered":"https:\/\/peloche-42.fr\/?p=805"},"modified":"2026-02-06T14:27:38","modified_gmt":"2026-02-06T13:27:38","slug":"balade-en-occitanie","status":"publish","type":"post","link":"https:\/\/peloche-42.fr\/index.php\/balade-en-occitanie\/","title":{"rendered":"Balade en Occitanie"},"content":{"rendered":"\n<h5 class=\"wp-block-heading\"><span class=\"grostitre\"><u>RESUM\u00c9<\/u> : <\/span> Un s\u00e9jour id\u00e9al, dans les Pyr\u00e9n\u00e9es Orientales, \npour faire de la photo et figer les paysages, les villages, \nles d\u00e9coupes du bord de mer, les magnifiques criques \nque vous offre la Costa Brava en longeant la c\u00f4te par\nla route touristique allant de COLLIOURE \u00e0 COLERA\nen passant par BANYLS, CERBERES, PORTBOU.\nUn retour par le site des PAUBILLES \u00e0 ne pas manquer.\n\nUne journ\u00e9e \u00e0 la JONQUERA laisse d\u00e9couvrir sur le\nParcours le Mont Canigou aux sommets enneig\u00e9s.\nAvant la fin du s\u00e9jour, une visite incontournable \u00e0 Collioure dans\nla Maison Familiale ROQUE  fabrique de conserverie d\u2019Anchois\ndatant de 1870 et qui a connu 5 g\u00e9n\u00e9rations.\nA ce jour encore, 3 g\u00e9n\u00e9rations travaillent ensemble, tout est \nr\u00e9alis\u00e9 manuellement avec une qualit\u00e9 assur\u00e9e.\nN\u2019h\u00e9sitez pas, un accueil chaleureux vous est r\u00e9serv\u00e9 pour \nla visite de la conserverie et la d\u00e9gustation des produits.\n.. <\/h5>\n\n\n\n<h5 class=\"wp-block-heading\"> <u>LIEU<\/u> :  Dans les Pyr\u00e9n\u00e9es Orientales, balade entre COLLIOURE, \nPORT-VENDRES et l\u2019Espagne.\nPrises de vues dans des lieux magnifiques que je vous recommande.\n.  <\/h5>\n\n\n\n<figure class=\"wp-block-embed is-type-video is-provider-youtube wp-block-embed-youtube wp-embed-aspect-4-3 wp-has-aspect-ratio\"><div class=\"wp-block-embed__wrapper\">\n<iframe loading=\"lazy\" title=\"balade en Occitanie\" width=\"580\" height=\"435\" src=\"https:\/\/www.youtube.com\/embed\/rRAkpqHjNrI?feature=oembed\" frameborder=\"0\" allow=\"accelerometer; autoplay; clipboard-write; encrypted-media; gyroscope; picture-in-picture; web-share\" referrerpolicy=\"strict-origin-when-cross-origin\" allowfullscreen><\/iframe>\n<\/div><figcaption class=\"wp-element-caption\"><strong><em>Photos et montage par Francis Boaillon<\/em><\/strong><\/figcaption><\/figure>\n\n\n\n<h5 class=\"wp-block-heading has-text-align-left has-text-color\" style=\"color:#13587f\">FAIT LE : S\u00e9jour du 09 au 13 septembre 2019<\/h5>\n\n\n\n<h5 class=\"wp-block-heading has-text-align-left has-text-color\" style=\"color:#13587f\">EXT\u00c9RIEUR : Dans la rue, les routes et les bords de mer.  <\/h5>\n\n\n\n<p><\/p>\n","protected":false},"excerpt":{"rendered":"<p>RESUM\u00c9 : Un s\u00e9jour id\u00e9al, dans les Pyr\u00e9n\u00e9es Orientales, pour faire de la photo et figer les paysages, les villages, les d\u00e9coupes du bord de mer, les magnifiques criques que vous offre la Costa Brava en longeant la c\u00f4te par la route touristique allant de COLLIOURE \u00e0 COLERA en passant par BANYLS, CERBERES, PORTBOU. Un [&hellip;]<\/p>\n","protected":false},"author":3,"featured_media":0,"comment_status":"open","ping_status":"open","sticky":false,"template":"","format":"standard","meta":{"footnotes":""},"categories":[8],"tags":[608,601,593,602,600,598,607,596,594,609,610,605,606,592,454,599,603,425,591,604,597,406,173],"class_list":["post-805","post","type-post","status-publish","format-standard","hentry","category-diapos","tag-anchois","tag-banyls","tag-bord-de-mer","tag-cerberes","tag-colera","tag-collioure","tag-conserverie","tag-costa-brava","tag-criques","tag-degustation","tag-espagne","tag-jonquera","tag-mont-canigou","tag-occitanie","tag-paysages","tag-port-vendres","tag-portbou","tag-produits","tag-pyrenees-orientales","tag-site-des-paubilles","tag-touristiques","tag-villages","tag-visite"],"_links":{"self":[{"href":"https:\/\/peloche-42.fr\/index.php\/wp-json\/wp\/v2\/posts\/805","targetHints":{"allow":["GET"]}}],"collection":[{"href":"https:\/\/peloche-42.fr\/index.php\/wp-json\/wp\/v2\/posts"}],"about":[{"href":"https:\/\/peloche-42.fr\/index.php\/wp-json\/wp\/v2\/types\/post"}],"author":[{"embeddable":true,"href":"https:\/\/peloche-42.fr\/index.php\/wp-json\/wp\/v2\/users\/3"}],"replies":[{"embeddable":true,"href":"https:\/\/peloche-42.fr\/index.php\/wp-json\/wp\/v2\/comments?post=805"}],"version-history":[{"count":4,"href":"https:\/\/peloche-42.fr\/index.php\/wp-json\/wp\/v2\/posts\/805\/revisions"}],"predecessor-version":[{"id":1363,"href":"https:\/\/peloche-42.fr\/index.php\/wp-json\/wp\/v2\/posts\/805\/revisions\/1363"}],"wp:attachment":[{"href":"https:\/\/peloche-42.fr\/index.php\/wp-json\/wp\/v2\/media?parent=805"}],"wp:term":[{"taxonomy":"category","embeddable":true,"href":"https:\/\/peloche-42.fr\/index.php\/wp-json\/wp\/v2\/categories?post=805"},{"taxonomy":"post_tag","embeddable":true,"href":"https:\/\/peloche-42.fr\/index.php\/wp-json\/wp\/v2\/tags?post=805"}],"curies":[{"name":"wp","href":"https:\/\/api.w.org\/{rel}","templated":true}]}}