{"id":751,"date":"2011-06-13T11:59:00","date_gmt":"2011-06-13T09:59:00","guid":{"rendered":"https:\/\/peloche-42.fr\/?p=751"},"modified":"2020-04-20T22:46:42","modified_gmt":"2020-04-20T20:46:42","slug":"transhumance-saint-remy-de-provence","status":"publish","type":"post","link":"https:\/\/peloche-42.fr\/index.php\/transhumance-saint-remy-de-provence\/","title":{"rendered":"Transhumance Saint R\u00e9my de Provence"},"content":{"rendered":"\n<h5 class=\"wp-block-heading\"><span class=\"grostitre\"><u>RESUM\u00c9<\/u> : <\/span> La f\u00eate de la Transhumance se tient chaque ann\u00e9e au mois de juin.\nC\u2019est l\u2019une des plus belles f\u00eates traditionnelles de Provence.\nElle r\u00e9unit tous les \u00e9leveurs de la R\u00e9gion et leurs troupeaux \ncompos\u00e9s de 4000 brebis, agneaux, b\u00e9liers ainsi que des ch\u00e8vres\net des \u00e2nes de transhumance encadr\u00e9s par des bergers en costume\ntraditionnel. \nDevant un peuple rassembl\u00e9, Bergers et animaux d\u00e9filent autour\ndu cour de Saint R\u00e9my de Provence avant de rejoindre les p\u00e2turages des Alpes.\n.. <\/h5>\n\n\n\n<h5 class=\"wp-block-heading\"> <u>LIEU<\/u> :  SAINT REMY DE PROVENCE dans les Bouches du Rh\u00f4ne, village proven\u00e7al \nr\u00e9put\u00e9 pour ses f\u00eates traditionnelles. Photos prises pendant la transhumance.\n.  <\/h5>\n\n\n\n<figure class=\"wp-block-embed-vimeo wp-block-embed is-type-video is-provider-vimeo wp-embed-aspect-4-3 wp-has-aspect-ratio\"><div class=\"wp-block-embed__wrapper\">\nhttps:\/\/vimeo.com\/407501630\n<\/div><figcaption><strong><em>Prise de vue par Francis Boaillon<\/em><\/strong><\/figcaption><\/figure>\n\n\n\n<h5 class=\"has-text-color has-text-align-left wp-block-heading\" style=\"color:#13587f\">FAIT LE : 13 juin 2011<\/h5>\n\n\n\n<h5 class=\"has-text-color has-text-align-left wp-block-heading\" style=\"color:#13587f\">EXT\u00c9RIEUR : Dans la rue.  <\/h5>\n","protected":false},"excerpt":{"rendered":"<p>RESUM\u00c9 : La f\u00eate de la Transhumance se tient chaque ann\u00e9e au mois de juin. C\u2019est l\u2019une des plus belles f\u00eates traditionnelles de Provence. Elle r\u00e9unit tous les \u00e9leveurs de la R\u00e9gion et leurs troupeaux compos\u00e9s de 4000 brebis, agneaux, b\u00e9liers ainsi que des ch\u00e8vres et des \u00e2nes de transhumance encadr\u00e9s par des bergers en [&hellip;]<\/p>\n","protected":false},"author":3,"featured_media":0,"comment_status":"open","ping_status":"open","sticky":false,"template":"","format":"standard","meta":{"footnotes":""},"categories":[8],"tags":[586,588,584,583,577,456,585,558,581,579,587,560,576,580,578,582],"class_list":["post-751","post","type-post","status-publish","format-standard","hentry","category-diapos","tag-agneaux","tag-alpes","tag-anes","tag-bergers","tag-bouche-du-rhone","tag-brebis","tag-chevres","tag-costumes","tag-eleveurs","tag-fete","tag-paturages","tag-provence","tag-st-remy-de-provence","tag-traditionnelle","tag-transhumance","tag-troupeaux"],"_links":{"self":[{"href":"https:\/\/peloche-42.fr\/index.php\/wp-json\/wp\/v2\/posts\/751","targetHints":{"allow":["GET"]}}],"collection":[{"href":"https:\/\/peloche-42.fr\/index.php\/wp-json\/wp\/v2\/posts"}],"about":[{"href":"https:\/\/peloche-42.fr\/index.php\/wp-json\/wp\/v2\/types\/post"}],"author":[{"embeddable":true,"href":"https:\/\/peloche-42.fr\/index.php\/wp-json\/wp\/v2\/users\/3"}],"replies":[{"embeddable":true,"href":"https:\/\/peloche-42.fr\/index.php\/wp-json\/wp\/v2\/comments?post=751"}],"version-history":[{"count":2,"href":"https:\/\/peloche-42.fr\/index.php\/wp-json\/wp\/v2\/posts\/751\/revisions"}],"predecessor-version":[{"id":1383,"href":"https:\/\/peloche-42.fr\/index.php\/wp-json\/wp\/v2\/posts\/751\/revisions\/1383"}],"wp:attachment":[{"href":"https:\/\/peloche-42.fr\/index.php\/wp-json\/wp\/v2\/media?parent=751"}],"wp:term":[{"taxonomy":"category","embeddable":true,"href":"https:\/\/peloche-42.fr\/index.php\/wp-json\/wp\/v2\/categories?post=751"},{"taxonomy":"post_tag","embeddable":true,"href":"https:\/\/peloche-42.fr\/index.php\/wp-json\/wp\/v2\/tags?post=751"}],"curies":[{"name":"wp","href":"https:\/\/api.w.org\/{rel}","templated":true}]}}