{"id":64,"date":"2000-06-19T15:44:00","date_gmt":"2000-06-19T13:44:00","guid":{"rendered":"https:\/\/peloche-42.fr\/?p=64"},"modified":"2020-01-19T14:23:47","modified_gmt":"2020-01-19T13:23:47","slug":"la-vie-a-deux-cest-quoi","status":"publish","type":"post","link":"https:\/\/peloche-42.fr\/index.php\/la-vie-a-deux-cest-quoi\/","title":{"rendered":"La vie \u00e0 deux c&rsquo;est quoi"},"content":{"rendered":"\n<p class=\"has-background has-text-align-right has-normal-font-size has-background-background-color\"><strong>D\u00e9finition de la vie \u00e0 deux<br>Par une ancienne joggeuse<br>Compos\u00e9e \u00e0 St-Haon le Vieux le 19 juin 2000<\/strong><\/p>\n\n\n\n<p class=\"has-background has-drop-cap has-large-font-size has-background-background-color\"><strong>La vie \u00e0 deux :<br>Ce sont deux ins\u00e9parables<br>Qui partent \u00e0 l\u2019aventure<br>Pour un v\u00e9ritable raid<br>Au cours duquel, il y a des \u00e9tapes,<br>Des obstacles \u00e0 franchir,<br>Des temps forts \u00e0 partager,<br>Avant d\u2019atteindre l\u2019objectif final,<br>Qui est, pour tout et avant tout,<br>De rester UNI,<br>De se SOUTENIR,<br>De S\u2019AIMER toujours\u2026<\/strong><\/p>\n\n\n\n<p class=\"has-background has-text-align-right has-normal-font-size has-background-background-color\"><strong>Ma d\u00e9finition de la Vie \u00e0 deux,<br>je la d\u00e9die \u00e0 ceux qui font partie de mes meilleurs Amis,<\/strong><\/p>\n\n\n\n<p class=\"has-background has-text-align-right has-normal-font-size has-background-background-color\"><strong>En ce 1<sup>er<\/sup> juillet 2000, \u00e0 Vivi et Nany<br>Pour leurs 30 ann\u00e9es de Vie commune<br>F\u00eat\u00e9es \u00e0 St-R\u00e9my de Provence<\/strong><\/p>\n\n\n\n<p><\/p>\n","protected":false},"excerpt":{"rendered":"<p>D\u00e9finition de la vie \u00e0 deuxPar une ancienne joggeuseCompos\u00e9e \u00e0 St-Haon le Vieux le 19 juin 2000 La vie \u00e0 deux :Ce sont deux ins\u00e9parablesQui partent \u00e0 l\u2019aventurePour un v\u00e9ritable raidAu cours duquel, il y a des \u00e9tapes,Des obstacles \u00e0 franchir,Des temps forts \u00e0 partager,Avant d\u2019atteindre l\u2019objectif final,Qui est, pour tout et avant tout,De rester [&hellip;]<\/p>\n","protected":false},"author":2,"featured_media":0,"comment_status":"open","ping_status":"open","sticky":false,"template":"","format":"standard","meta":{"footnotes":""},"categories":[6],"tags":[19,20,54,17,18],"class_list":["post-64","post","type-post","status-publish","format-standard","hentry","category-textes-et-poesies","tag-a-deux","tag-aimer","tag-joggeuse","tag-poesie","tag-vie"],"_links":{"self":[{"href":"https:\/\/peloche-42.fr\/index.php\/wp-json\/wp\/v2\/posts\/64","targetHints":{"allow":["GET"]}}],"collection":[{"href":"https:\/\/peloche-42.fr\/index.php\/wp-json\/wp\/v2\/posts"}],"about":[{"href":"https:\/\/peloche-42.fr\/index.php\/wp-json\/wp\/v2\/types\/post"}],"author":[{"embeddable":true,"href":"https:\/\/peloche-42.fr\/index.php\/wp-json\/wp\/v2\/users\/2"}],"replies":[{"embeddable":true,"href":"https:\/\/peloche-42.fr\/index.php\/wp-json\/wp\/v2\/comments?post=64"}],"version-history":[{"count":8,"href":"https:\/\/peloche-42.fr\/index.php\/wp-json\/wp\/v2\/posts\/64\/revisions"}],"predecessor-version":[{"id":262,"href":"https:\/\/peloche-42.fr\/index.php\/wp-json\/wp\/v2\/posts\/64\/revisions\/262"}],"wp:attachment":[{"href":"https:\/\/peloche-42.fr\/index.php\/wp-json\/wp\/v2\/media?parent=64"}],"wp:term":[{"taxonomy":"category","embeddable":true,"href":"https:\/\/peloche-42.fr\/index.php\/wp-json\/wp\/v2\/categories?post=64"},{"taxonomy":"post_tag","embeddable":true,"href":"https:\/\/peloche-42.fr\/index.php\/wp-json\/wp\/v2\/tags?post=64"}],"curies":[{"name":"wp","href":"https:\/\/api.w.org\/{rel}","templated":true}]}}