{"id":182,"date":"2010-11-10T15:23:02","date_gmt":"2010-11-10T14:23:02","guid":{"rendered":"https:\/\/peloche-42.fr\/?p=182"},"modified":"2020-04-20T20:47:22","modified_gmt":"2020-04-20T18:47:22","slug":"americain-western-show","status":"publish","type":"post","link":"https:\/\/peloche-42.fr\/index.php\/americain-western-show\/","title":{"rendered":"Americain Western Show"},"content":{"rendered":"\n<h5 class=\"wp-block-heading\"><span class=\"grostitre\"><u>RESUM\u00c9<\/u> : <\/span> Ce film a \u00e9t\u00e9 r\u00e9alis\u00e9 autour du ch\u00e2teau de  Montrond les  Bains, lors de la f\u00eate du cheval. Son tournage s\u2019est  effectu\u00e9 sur deux jours  avec une cam\u00e9ra XLI.<br><br>         F\u00eate sous le soleil avec de nombreux participants&nbsp; pour la  premi\u00e8re repr\u00e9sentation de western  Am\u00e9ricain show. Spectacle \u00e9questre  tr\u00e8s vivant avec des ex\u00e9cutions tr\u00e8s  rapides&nbsp;: barrel, racing, parade  aux drapeaux.<br><br>         Un r\u00e9el plaisir de voir les chevaux \u00e9volu\u00e9s et la dext\u00e9rit\u00e9  des cavaliers.  <\/h5>\n\n\n\n<h5 class=\"wp-block-heading\"><u>LIEU<\/u> :  La f\u00eate du Cheval \u00e0 Montrond les Bains (42).  Environ 2 jours de tournages avec des \u00e9v\u00e8nements tr\u00e8s rapide car les  cavaliers s&rsquo;entre croisent.   <\/h5>\n\n\n\n<figure class=\"wp-block-embed-vimeo wp-block-embed is-type-video is-provider-vimeo wp-embed-aspect-18-9 wp-has-aspect-ratio\"><div class=\"wp-block-embed__wrapper\">\n<iframe loading=\"lazy\" title=\"American western show-480p\" src=\"https:\/\/player.vimeo.com\/video\/408958557?dnt=1&amp;app_id=122963\" width=\"580\" height=\"272\" frameborder=\"0\" allow=\"autoplay; fullscreen; picture-in-picture; clipboard-write\"><\/iframe>\n<\/div><figcaption>f<strong>ilm tourn\u00e9 et montage  FRancis  Boaillon<\/strong><\/figcaption><\/figure>\n\n\n\n<h5 class=\"has-text-color has-text-align-left wp-block-heading\" style=\"color:#13587f\">FAIT LE : 10 novembre 2010 <\/h5>\n\n\n\n<h5 class=\"has-text-color has-text-align-left wp-block-heading\" style=\"color:#13587f\">EXT\u00c9RIEUR : Plein air.  <\/h5>\n","protected":false},"excerpt":{"rendered":"<p>RESUM\u00c9 : Ce film a \u00e9t\u00e9 r\u00e9alis\u00e9 autour du ch\u00e2teau de Montrond les Bains, lors de la f\u00eate du cheval. Son tournage s\u2019est effectu\u00e9 sur deux jours avec une cam\u00e9ra XLI. F\u00eate sous le soleil avec de nombreux participants&nbsp; pour la premi\u00e8re repr\u00e9sentation de western Am\u00e9ricain show. Spectacle \u00e9questre tr\u00e8s vivant avec des ex\u00e9cutions tr\u00e8s [&hellip;]<\/p>\n","protected":false},"author":3,"featured_media":0,"comment_status":"open","ping_status":"open","sticky":false,"template":"","format":"standard","meta":{"footnotes":""},"categories":[11],"tags":[86,132,134,128,127,129,135,131,133,87,130,88],"class_list":["post-182","post","type-post","status-publish","format-standard","hentry","category-reportages","tag-americain","tag-barrel","tag-cavaliers","tag-cheval","tag-chevaux","tag-course","tag-parade","tag-participants","tag-racing","tag-show","tag-spectacle","tag-western"],"_links":{"self":[{"href":"https:\/\/peloche-42.fr\/index.php\/wp-json\/wp\/v2\/posts\/182","targetHints":{"allow":["GET"]}}],"collection":[{"href":"https:\/\/peloche-42.fr\/index.php\/wp-json\/wp\/v2\/posts"}],"about":[{"href":"https:\/\/peloche-42.fr\/index.php\/wp-json\/wp\/v2\/types\/post"}],"author":[{"embeddable":true,"href":"https:\/\/peloche-42.fr\/index.php\/wp-json\/wp\/v2\/users\/3"}],"replies":[{"embeddable":true,"href":"https:\/\/peloche-42.fr\/index.php\/wp-json\/wp\/v2\/comments?post=182"}],"version-history":[{"count":4,"href":"https:\/\/peloche-42.fr\/index.php\/wp-json\/wp\/v2\/posts\/182\/revisions"}],"predecessor-version":[{"id":826,"href":"https:\/\/peloche-42.fr\/index.php\/wp-json\/wp\/v2\/posts\/182\/revisions\/826"}],"wp:attachment":[{"href":"https:\/\/peloche-42.fr\/index.php\/wp-json\/wp\/v2\/media?parent=182"}],"wp:term":[{"taxonomy":"category","embeddable":true,"href":"https:\/\/peloche-42.fr\/index.php\/wp-json\/wp\/v2\/categories?post=182"},{"taxonomy":"post_tag","embeddable":true,"href":"https:\/\/peloche-42.fr\/index.php\/wp-json\/wp\/v2\/tags?post=182"}],"curies":[{"name":"wp","href":"https:\/\/api.w.org\/{rel}","templated":true}]}}