{"id":1092,"date":"2010-09-26T18:34:58","date_gmt":"2010-09-26T16:34:58","guid":{"rendered":"https:\/\/peloche-42.fr\/?p=1092"},"modified":"2020-04-30T23:59:14","modified_gmt":"2020-04-30T21:59:14","slug":"anniversaire-90-ans-mamie-lili","status":"publish","type":"post","link":"https:\/\/peloche-42.fr\/index.php\/anniversaire-90-ans-mamie-lili\/","title":{"rendered":"Anniversaire 90 ans Mamie Lili"},"content":{"rendered":"\n<h5 class=\"wp-block-heading\"><span class=\"grostitre\"><u>RESUM\u00c9<\/u> : <\/span>Une invitation \u00e0 f\u00eater les classes \u00e0 Mably bourg, le 26 septembre 2010. Mamie avait tout de suite r\u00e9pondu favorablement. Un d\u00e9fil\u00e9 costum\u00e9, classe par classe, \u00e9tait organis\u00e9, Suivi d\u2019un excellent repas \u00e0 la salle d\u2019animation de la commune. Dans le d\u00e9fil\u00e9, Mamie 90 ans, avait une place de choix dans une superbe voiture jaune.                           <\/h5>\n\n\n\n<h5 class=\"wp-block-heading\"><u>LIEU<\/u> : F\u00eate des classes \u00e0 Mably, d\u00e9fil\u00e9 dans les rues et salle d\u2019animation.   <\/h5>\n\n\n\n<figure class=\"wp-block-embed-vimeo wp-block-embed is-type-video is-provider-vimeo wp-embed-aspect-4-3 wp-has-aspect-ratio\"><div class=\"wp-block-embed__wrapper\">\n<iframe loading=\"lazy\" src=\"https:\/\/player.vimeo.com\/video\/412636163?dnt=1&amp;app_id=122963\" width=\"580\" height=\"434\" frameborder=\"0\" allow=\"autoplay; fullscreen; picture-in-picture; clipboard-write\"><\/iframe>\n<\/div><figcaption><strong>Diapo r\u00e9alis\u00e9 par Francis Boaillon<\/strong><\/figcaption><\/figure>\n\n\n\n<h5 class=\"has-text-color has-text-align-left wp-block-heading\" style=\"color:#13587f\">FAIT LE : 26 Septembre 2010<\/h5>\n\n\n\n<h5 class=\"has-text-color has-text-align-left wp-block-heading\" style=\"color:#13587f\">EXT\u00c9RIEUR : Dans les  rues de Mably.  <\/h5>\n","protected":false},"excerpt":{"rendered":"<p>RESUM\u00c9 : Une invitation \u00e0 f\u00eater les classes \u00e0 Mably bourg, le 26 septembre 2010. Mamie avait tout de suite r\u00e9pondu favorablement. Un d\u00e9fil\u00e9 costum\u00e9, classe par classe, \u00e9tait organis\u00e9, Suivi d\u2019un excellent repas \u00e0 la salle d\u2019animation de la commune. Dans le d\u00e9fil\u00e9, Mamie 90 ans, avait une place de choix dans une superbe [&hellip;]<\/p>\n","protected":false},"author":3,"featured_media":0,"comment_status":"open","ping_status":"open","sticky":false,"template":"","format":"standard","meta":{"footnotes":""},"categories":[611,614],"tags":[658,696,208,579,445,633],"class_list":["post-1092","post","type-post","status-publish","format-standard","hentry","category-famille-pelletier-diapos","category-manifestations-familiales-diapos","tag-amis","tag-classes","tag-famille","tag-fete","tag-musiques","tag-repas"],"_links":{"self":[{"href":"https:\/\/peloche-42.fr\/index.php\/wp-json\/wp\/v2\/posts\/1092","targetHints":{"allow":["GET"]}}],"collection":[{"href":"https:\/\/peloche-42.fr\/index.php\/wp-json\/wp\/v2\/posts"}],"about":[{"href":"https:\/\/peloche-42.fr\/index.php\/wp-json\/wp\/v2\/types\/post"}],"author":[{"embeddable":true,"href":"https:\/\/peloche-42.fr\/index.php\/wp-json\/wp\/v2\/users\/3"}],"replies":[{"embeddable":true,"href":"https:\/\/peloche-42.fr\/index.php\/wp-json\/wp\/v2\/comments?post=1092"}],"version-history":[{"count":2,"href":"https:\/\/peloche-42.fr\/index.php\/wp-json\/wp\/v2\/posts\/1092\/revisions"}],"predecessor-version":[{"id":1124,"href":"https:\/\/peloche-42.fr\/index.php\/wp-json\/wp\/v2\/posts\/1092\/revisions\/1124"}],"wp:attachment":[{"href":"https:\/\/peloche-42.fr\/index.php\/wp-json\/wp\/v2\/media?parent=1092"}],"wp:term":[{"taxonomy":"category","embeddable":true,"href":"https:\/\/peloche-42.fr\/index.php\/wp-json\/wp\/v2\/categories?post=1092"},{"taxonomy":"post_tag","embeddable":true,"href":"https:\/\/peloche-42.fr\/index.php\/wp-json\/wp\/v2\/tags?post=1092"}],"curies":[{"name":"wp","href":"https:\/\/api.w.org\/{rel}","templated":true}]}}