{"id":1065,"date":"2012-08-30T19:14:06","date_gmt":"2012-08-30T17:14:06","guid":{"rendered":"https:\/\/peloche-42.fr\/?p=1065"},"modified":"2020-05-14T14:20:56","modified_gmt":"2020-05-14T12:20:56","slug":"vacances-avec-nos-petits-enfants-2012","status":"publish","type":"post","link":"https:\/\/peloche-42.fr\/index.php\/vacances-avec-nos-petits-enfants-2012\/","title":{"rendered":"Vacances avec nos petits enfants 2012"},"content":{"rendered":"\n<h5 class=\"wp-block-heading\"><span class=\"grostitre\"><u>R\u00c9SUM\u00c9<\/u> : <\/span>deux semaines de bonheur avec tous nos petits-enfants, au bord de la Manche \u00e0 Saint Martin de Br\u00e9hal dans un g\u00eete de mer. Nous avons eu le plaisir de profiter en veill\u00e9e de leur th\u00e9\u00e2tre improvis\u00e9, du ramassage de coquillages \u00e0 mar\u00e9e descendante, des sorties les jours de march\u00e9, des matin\u00e9es initiation chasse photos dans les dunes pour les plus grands avec Grand-P\u00e8re, Nos ballades sur le front de mer au coucher du soleil. Nos inoubliables exp\u00e9ditions \u00e0 la plage, et bien d\u2019autres choses encore que nous avons eu le bonheur de partager.   <\/h5>\n\n\n\n<h5 class=\"wp-block-heading\"><u>LIEU<\/u> :  G\u00eete de mer \u00e0 Saint Martin de Br\u00e9hal   <\/h5>\n\n\n\n<figure class=\"wp-block-embed-vimeo wp-block-embed is-type-video is-provider-vimeo wp-embed-aspect-4-3 wp-has-aspect-ratio\"><div class=\"wp-block-embed__wrapper\">\n<iframe loading=\"lazy\" src=\"https:\/\/player.vimeo.com\/video\/411951368?dnt=1&amp;app_id=122963\" width=\"580\" height=\"435\" frameborder=\"0\" allow=\"autoplay; fullscreen; picture-in-picture; clipboard-write\"><\/iframe>\n<\/div><figcaption><strong>Diapo r\u00e9alis\u00e9 par Francis Boaillon<\/strong><\/figcaption><\/figure>\n\n\n\n<h5 class=\"has-text-color has-text-align-left wp-block-heading\" style=\"color:#13587f\">FAIT LE : 30 ao\u00fbt  2012<\/h5>\n\n\n\n<h5 class=\"has-text-color has-text-align-left wp-block-heading\" style=\"color:#13587f\">EXT\u00c9RIEUR : Sur la plage, les rues de Granville .<\/h5>\n","protected":false},"excerpt":{"rendered":"<p>R\u00c9SUM\u00c9 : deux semaines de bonheur avec tous nos petits-enfants, au bord de la Manche \u00e0 Saint Martin de Br\u00e9hal dans un g\u00eete de mer. Nous avons eu le plaisir de profiter en veill\u00e9e de leur th\u00e9\u00e2tre improvis\u00e9, du ramassage de coquillages \u00e0 mar\u00e9e descendante, des sorties les jours de march\u00e9, des matin\u00e9es initiation chasse [&hellip;]<\/p>\n","protected":false},"author":3,"featured_media":0,"comment_status":"open","ping_status":"open","sticky":false,"template":"","format":"standard","meta":{"footnotes":""},"categories":[589],"tags":[688,687,686,437,139,477],"class_list":["post-1065","post","type-post","status-publish","format-standard","hentry","category-famille-boaillon-diapos","tag-balades","tag-coquillages","tag-la-manche","tag-mer","tag-peche","tag-plage"],"_links":{"self":[{"href":"https:\/\/peloche-42.fr\/index.php\/wp-json\/wp\/v2\/posts\/1065","targetHints":{"allow":["GET"]}}],"collection":[{"href":"https:\/\/peloche-42.fr\/index.php\/wp-json\/wp\/v2\/posts"}],"about":[{"href":"https:\/\/peloche-42.fr\/index.php\/wp-json\/wp\/v2\/types\/post"}],"author":[{"embeddable":true,"href":"https:\/\/peloche-42.fr\/index.php\/wp-json\/wp\/v2\/users\/3"}],"replies":[{"embeddable":true,"href":"https:\/\/peloche-42.fr\/index.php\/wp-json\/wp\/v2\/comments?post=1065"}],"version-history":[{"count":2,"href":"https:\/\/peloche-42.fr\/index.php\/wp-json\/wp\/v2\/posts\/1065\/revisions"}],"predecessor-version":[{"id":1218,"href":"https:\/\/peloche-42.fr\/index.php\/wp-json\/wp\/v2\/posts\/1065\/revisions\/1218"}],"wp:attachment":[{"href":"https:\/\/peloche-42.fr\/index.php\/wp-json\/wp\/v2\/media?parent=1065"}],"wp:term":[{"taxonomy":"category","embeddable":true,"href":"https:\/\/peloche-42.fr\/index.php\/wp-json\/wp\/v2\/categories?post=1065"},{"taxonomy":"post_tag","embeddable":true,"href":"https:\/\/peloche-42.fr\/index.php\/wp-json\/wp\/v2\/tags?post=1065"}],"curies":[{"name":"wp","href":"https:\/\/api.w.org\/{rel}","templated":true}]}}