{"id":1050,"date":"2020-04-25T20:16:35","date_gmt":"2020-04-25T18:16:35","guid":{"rendered":"https:\/\/peloche-42.fr\/?p=1050"},"modified":"2020-04-25T20:24:13","modified_gmt":"2020-04-25T18:24:13","slug":"le-vieux-berger","status":"publish","type":"post","link":"https:\/\/peloche-42.fr\/index.php\/le-vieux-berger\/","title":{"rendered":"Le vieux berger"},"content":{"rendered":"\n<figure class=\"wp-block-image size-large\"><img loading=\"lazy\" decoding=\"async\" width=\"1024\" height=\"689\" src=\"https:\/\/peloche-42.fr\/wp-content\/uploads\/2020\/04\/le-vieux-Berger-1024x689.jpg\" alt=\"\" class=\"wp-image-1052\" srcset=\"https:\/\/peloche-42.fr\/wp-content\/uploads\/2020\/04\/le-vieux-Berger-1024x689.jpg 1024w, https:\/\/peloche-42.fr\/wp-content\/uploads\/2020\/04\/le-vieux-Berger-300x202.jpg 300w, https:\/\/peloche-42.fr\/wp-content\/uploads\/2020\/04\/le-vieux-Berger-768x516.jpg 768w, https:\/\/peloche-42.fr\/wp-content\/uploads\/2020\/04\/le-vieux-Berger-1536x1033.jpg 1536w, https:\/\/peloche-42.fr\/wp-content\/uploads\/2020\/04\/le-vieux-Berger-2048x1377.jpg 2048w, https:\/\/peloche-42.fr\/wp-content\/uploads\/2020\/04\/le-vieux-Berger-1200x807.jpg 1200w, https:\/\/peloche-42.fr\/wp-content\/uploads\/2020\/04\/le-vieux-Berger-1980x1331.jpg 1980w\" sizes=\"auto, (max-width: 1024px) 100vw, 1024px\" \/><figcaption><strong>Le Vieux Berger de G\u00e9raldine Elschner et Jonas Laustr\u00f6er cont\u00e9 par Martine BOAILLON<\/strong><\/figcaption><\/figure>\n\n\n\n<figure class=\"wp-block-audio\"><audio controls src=\"https:\/\/peloche-42.fr\/wp-content\/uploads\/2020\/04\/le-vieux-Berger-1.mp3\" preload=\"auto\"><\/audio><\/figure>\n","protected":false},"excerpt":{"rendered":"","protected":false},"author":2,"featured_media":0,"comment_status":"open","ping_status":"open","sticky":false,"template":"","format":"standard","meta":{"footnotes":""},"categories":[9],"tags":[672,661,348,667,674,668,673,665,666,669,671,663,662,664,676,677,675,670],"class_list":["post-1050","post","type-post","status-publish","format-standard","hentry","category-contes","tag-aide-soignante","tag-berger","tag-camionnette","tag-campane","tag-chantier","tag-didou","tag-directrice","tag-dragon","tag-fauteuil","tag-jardin","tag-lucien","tag-maison-de-retraite","tag-moutons","tag-papy","tag-pedro","tag-pouna","tag-suzon","tag-theo"],"_links":{"self":[{"href":"https:\/\/peloche-42.fr\/index.php\/wp-json\/wp\/v2\/posts\/1050","targetHints":{"allow":["GET"]}}],"collection":[{"href":"https:\/\/peloche-42.fr\/index.php\/wp-json\/wp\/v2\/posts"}],"about":[{"href":"https:\/\/peloche-42.fr\/index.php\/wp-json\/wp\/v2\/types\/post"}],"author":[{"embeddable":true,"href":"https:\/\/peloche-42.fr\/index.php\/wp-json\/wp\/v2\/users\/2"}],"replies":[{"embeddable":true,"href":"https:\/\/peloche-42.fr\/index.php\/wp-json\/wp\/v2\/comments?post=1050"}],"version-history":[{"count":2,"href":"https:\/\/peloche-42.fr\/index.php\/wp-json\/wp\/v2\/posts\/1050\/revisions"}],"predecessor-version":[{"id":1055,"href":"https:\/\/peloche-42.fr\/index.php\/wp-json\/wp\/v2\/posts\/1050\/revisions\/1055"}],"wp:attachment":[{"href":"https:\/\/peloche-42.fr\/index.php\/wp-json\/wp\/v2\/media?parent=1050"}],"wp:term":[{"taxonomy":"category","embeddable":true,"href":"https:\/\/peloche-42.fr\/index.php\/wp-json\/wp\/v2\/categories?post=1050"},{"taxonomy":"post_tag","embeddable":true,"href":"https:\/\/peloche-42.fr\/index.php\/wp-json\/wp\/v2\/tags?post=1050"}],"curies":[{"name":"wp","href":"https:\/\/api.w.org\/{rel}","templated":true}]}}