{"id":1,"date":"2011-01-15T20:04:00","date_gmt":"2011-01-15T19:04:00","guid":{"rendered":"http:\/\/peloche-42.fr\/?p=1"},"modified":"2020-04-14T14:11:58","modified_gmt":"2020-04-14T12:11:58","slug":"act-zen","status":"publish","type":"post","link":"https:\/\/peloche-42.fr\/index.php\/act-zen\/","title":{"rendered":"Act &#038; Zen"},"content":{"rendered":"\n<h5 class=\"wp-block-heading\"><span class=\"grostitre\"><u>RESUM\u00c9<\/u> : Film r\u00e9alis\u00e9 avec &nbsp;un groupe d\u2019une dizaine d\u2019\u00e9tudiants en master II, le but : pr\u00e9senter leur projet professionnel devant un jury d\u2019examen \u00e0 Clermont-Ferrand. <\/span><\/h5>\n\n\n\n<h5 class=\"wp-block-heading\"><span class=\"grostitre\">Ambiance tr\u00e8s sympa associant un r\u00e9el plaisir \u00e0 travailler avec ces jeunes motiv\u00e9s.<\/span><\/h5>\n\n\n\n<h5 class=\"wp-block-heading\"> <u>LIEU<\/u> : \u00c0 Romagnat, parc public et rues de Clermont Ferrand (63). <\/h5>\n\n\n\n<h5 class=\"wp-block-heading\"> <u>PRISES DE VUES<\/u> : Tournage effectu\u00e9 sur une journ\u00e9e en int\u00e9rieur et ext\u00e9rieur  avec une cam\u00e9ra XLI ;&nbsp; certaines sc\u00e8nes ont \u00e9t\u00e9 tourn\u00e9es avec un grand angle.<br>En amont, une bonne pr\u00e9paration&nbsp; qui a permis un travail efficace sans perte de temps. <\/h5>\n\n\n\n<figure class=\"wp-block-embed-vimeo wp-block-embed is-type-video is-provider-vimeo wp-embed-aspect-4-3 wp-has-aspect-ratio\"><div class=\"wp-block-embed__wrapper\">\n<iframe loading=\"lazy\" title=\"Spot 6 Claire\" src=\"https:\/\/player.vimeo.com\/video\/407551478?dnt=1&amp;app_id=122963\" width=\"580\" height=\"435\" frameborder=\"0\" allow=\"autoplay; fullscreen; picture-in-picture; clipboard-write\"><\/iframe>\n<\/div><figcaption><strong><em>Vid\u00e9o r\u00e9alis\u00e9 par Francis Boaillon<\/em><\/strong><\/figcaption><\/figure>\n\n\n\n<h5 class=\"has-text-color has-text-align-left wp-block-heading\" style=\"color:#13587f\">FAIT LE : 15 janvier 2011<\/h5>\n\n\n\n<h5 class=\"has-text-color has-text-align-left wp-block-heading\" style=\"color:#13587f\">EXT\u00c9RIEUR : Int\u00e9rieur et en plein air.  <\/h5>\n","protected":false},"excerpt":{"rendered":"<p>RESUM\u00c9 : Film r\u00e9alis\u00e9 avec &nbsp;un groupe d\u2019une dizaine d\u2019\u00e9tudiants en master II, le but : pr\u00e9senter leur projet professionnel devant un jury d\u2019examen \u00e0 Clermont-Ferrand. Ambiance tr\u00e8s sympa associant un r\u00e9el plaisir \u00e0 travailler avec ces jeunes motiv\u00e9s. LIEU : \u00c0 Romagnat, parc public et rues de Clermont Ferrand (63). PRISES DE VUES : [&hellip;]<\/p>\n","protected":false},"author":3,"featured_media":0,"comment_status":"open","ping_status":"open","sticky":false,"template":"","format":"standard","meta":{"footnotes":""},"categories":[7],"tags":[16,14,13,15],"class_list":["post-1","post","type-post","status-publish","format-standard","hentry","category-clips","tag-clermont-ferrand","tag-etudiants","tag-film","tag-master-ii"],"_links":{"self":[{"href":"https:\/\/peloche-42.fr\/index.php\/wp-json\/wp\/v2\/posts\/1","targetHints":{"allow":["GET"]}}],"collection":[{"href":"https:\/\/peloche-42.fr\/index.php\/wp-json\/wp\/v2\/posts"}],"about":[{"href":"https:\/\/peloche-42.fr\/index.php\/wp-json\/wp\/v2\/types\/post"}],"author":[{"embeddable":true,"href":"https:\/\/peloche-42.fr\/index.php\/wp-json\/wp\/v2\/users\/3"}],"replies":[{"embeddable":true,"href":"https:\/\/peloche-42.fr\/index.php\/wp-json\/wp\/v2\/comments?post=1"}],"version-history":[{"count":6,"href":"https:\/\/peloche-42.fr\/index.php\/wp-json\/wp\/v2\/posts\/1\/revisions"}],"predecessor-version":[{"id":759,"href":"https:\/\/peloche-42.fr\/index.php\/wp-json\/wp\/v2\/posts\/1\/revisions\/759"}],"wp:attachment":[{"href":"https:\/\/peloche-42.fr\/index.php\/wp-json\/wp\/v2\/media?parent=1"}],"wp:term":[{"taxonomy":"category","embeddable":true,"href":"https:\/\/peloche-42.fr\/index.php\/wp-json\/wp\/v2\/categories?post=1"},{"taxonomy":"post_tag","embeddable":true,"href":"https:\/\/peloche-42.fr\/index.php\/wp-json\/wp\/v2\/tags?post=1"}],"curies":[{"name":"wp","href":"https:\/\/api.w.org\/{rel}","templated":true}]}}